{"id":19798,"date":"2026-04-05T10:12:59","date_gmt":"2026-04-05T14:12:59","guid":{"rendered":"https:\/\/amsclinic.ca\/?p=19798"},"modified":"2026-04-05T10:13:16","modified_gmt":"2026-04-05T14:13:16","slug":"pelletage-et-mal-de-dos-les-bienfaits-de-la-decompression-vertebrale-et-de-la-physiotherapie","status":"publish","type":"post","link":"https:\/\/amsclinic.ca\/fr\/blog\/pelletage-et-mal-de-dos-les-bienfaits-de-la-decompression-vertebrale-et-de-la-physiotherapie\/","title":{"rendered":"Pelletage et mal de dos : les bienfaits de la d\u00e9compression vert\u00e9brale et de la physioth\u00e9rapie"},"content":{"rendered":"<p>Derri\u00e8re le geste simple du pelletage se cache un risque fr\u00e9quent : le <strong>mal de dos<\/strong> imm\u00e9diat ou quelques heures apr\u00e8s l\u2019effort. Les tensions peuvent provoquer des douleurs l\u00e9g\u00e8res, mais aussi des blessures plus s\u00e9rieuses, telles que des <strong>hernies discales ou des sciatiques<\/strong>.<\/p>\n<p>Des approches th\u00e9rapeutiques permettent alors de soulager rapidement la douleur et pr\u00e9venir sa r\u00e9apparition\u00a0:<\/p>\n<ul>\n<li>La <a href=\"https:\/\/amsclinic.ca\/fr\/physiotherapie\/\">physioth\u00e9rapie<\/a> pour renforcer les muscles, am\u00e9liorer la posture et r\u00e9\u00e9duquer le dos,<\/li>\n<li>la <a href=\"https:\/\/amsclinic.ca\/fr\/therapie-de-traction-pour-la-decompression-spinale\/\">d\u00e9compression vert\u00e9brale<\/a> par traction pour soulager la pression sur les disques intervert\u00e9braux et faciliter la r\u00e9cup\u00e9ration.<\/li>\n<\/ul>\n<p>Comment reconna\u00eetre les sympt\u00f4mes, adopter les bons gestes et profiter de ces traitements pour un quotidien sans douleurs dorsales\u00a0?<\/p>\n<h2><strong>La physioth\u00e9rapie pour soulager les douleurs dorsales li\u00e9es au pelletage<\/strong><\/h2>\n<p>Si vous habitez <strong>Montr\u00e9al ou les environs<\/strong>, consulter en <strong>physioth\u00e9rapie<\/strong> peut vous aider \u00e0 soulager les douleurs dorsales et \u00e0 retrouver une meilleure mobilit\u00e9.<\/p>\n<p>Aux Cliniques AMS, la prise en charge commence par\u00a0<strong>une \u00e9valuation compl\u00e8te\u00a0:<\/strong><\/p>\n<ul>\n<li>de vos mouvements,<\/li>\n<li>de votre posture,<\/li>\n<li>de vos douleurs sp\u00e9cifiques.<\/li>\n<\/ul>\n<p>Cette \u00e9tape permet de d\u00e9terminer les zones musculaires et articulaires les plus sollicit\u00e9es par les efforts de pelletage.<\/p>\n<p>Le physioth\u00e9rapeute \u00e9labore ensuite <strong>un plan de traitement personnalis\u00e9<\/strong>, qui peut inclure\u00a0:<\/p>\n<ul>\n<li>des exercices de renforcement musculaire,<\/li>\n<li>des \u00e9tirements cibl\u00e9s,<\/li>\n<li>des techniques manuelles<\/li>\n<li>des conseils posturaux adapt\u00e9s \u00e0 votre quotidien.<\/li>\n<\/ul>\n<p>L\u2019objectif est de r\u00e9duire la douleur, am\u00e9liorer la mobilit\u00e9 et pr\u00e9venir les r\u00e9cidives.<\/p>\n<h2><strong>La d\u00e9compression vert\u00e9brale pour r\u00e9duire la pression sur la colonne<\/strong><\/h2>\n<p>Les douleurs lombaires peuvent \u00eatre persistantes, surtout lorsque les mouvements sont r\u00e9p\u00e9titifs, effectu\u00e9s en torsion ou avec une charge importante.<\/p>\n<p><img loading=\"lazy\" decoding=\"async\" class=\"alignnone size-full wp-image-19796\" src=\"https:\/\/amsclinic.ca\/wp-content\/uploads\/2026\/04\/unnamed-2026-04-05T150547.133.jpg\" alt=\"\" width=\"1161\" height=\"774\" srcset=\"https:\/\/amsclinic.ca\/wp-content\/uploads\/2026\/04\/unnamed-2026-04-05T150547.133.jpg 1161w, https:\/\/amsclinic.ca\/wp-content\/uploads\/2026\/04\/unnamed-2026-04-05T150547.133-980x653.jpg 980w, https:\/\/amsclinic.ca\/wp-content\/uploads\/2026\/04\/unnamed-2026-04-05T150547.133-480x320.jpg 480w\" sizes=\"(min-width: 0px) and (max-width: 480px) 480px, (min-width: 481px) and (max-width: 980px) 980px, (min-width: 981px) 1161px, 100vw\" \/><\/p>\n<p>Dans ce contexte, la <strong>d\u00e9compression vert\u00e9brale<\/strong> constitue une approche th\u00e9rapeutique reconnue en <strong>physioth\u00e9rapie<\/strong> pour soulager la pression exerc\u00e9e sur les disques intervert\u00e9braux et les structures nerveuses.<\/p>\n<p>Selon le protocole mis en place dans les <strong>cliniques AMS<\/strong>, la prise en charge commence toujours par\u00a0:<\/p>\n<ul>\n<li>une <strong>\u00e9valuation individuelle<\/strong> approfondie, une \u00e9tape pour identifier pr\u00e9cis\u00e9ment les segments de la colonne vert\u00e9brale affect\u00e9s,<\/li>\n<li>une <strong>analyse de la posture<\/strong> ainsi que des d\u00e9s\u00e9quilibres musculaires pouvant contribuer \u00e0 la douleur.<\/li>\n<\/ul>\n<p>La th\u00e9rapie de traction est ensuite r\u00e9alis\u00e9e \u00e0 l\u2019aide d\u2019un appareil de d\u00e9compression sp\u00e9cialis\u00e9. Les param\u00e8tres sont ajust\u00e9s de mani\u00e8re personnalis\u00e9e, en fonction de\u00a0:<\/p>\n<ul>\n<li>la morphologie du patient,<\/li>\n<li>la localisation de la douleur,<\/li>\n<li>le degr\u00e9 de compression observ\u00e9.<\/li>\n<\/ul>\n<p>Chaque s\u00e9ance est encadr\u00e9e par un professionnel de la physioth\u00e9rapie afin d\u2019assurer un traitement s\u00e9curitaire et adapt\u00e9 \u00e0 votre condition.<\/p>\n<p>En compl\u00e9ment, une approche globale est privil\u00e9gi\u00e9e pour optimiser les r\u00e9sultats :<\/p>\n<ul>\n<li><strong>exercices de stabilisation<\/strong> visant \u00e0 renforcer les muscles du tronc et soutenir la colonne vert\u00e9brale,<\/li>\n<li><strong>recommandations ergonomiques<\/strong> adapt\u00e9es aux activit\u00e9s quotidiennes, notamment pour pr\u00e9venir les mauvaises postures lors du pelletage,<\/li>\n<li><strong>conseils<\/strong> personnalis\u00e9s pour favoriser une r\u00e9cup\u00e9ration progressive et durable.<\/li>\n<\/ul>\n<h2><strong>Pourquoi le pelletage peut provoquer un mal de dos\u00a0?<\/strong><\/h2>\n<p>Le pelletage est une activit\u00e9 exigeante qui sollicite intens\u00e9ment le dos, en particulier lorsqu\u2019il est pratiqu\u00e9 sur une dur\u00e9e prolong\u00e9e ou dans de mauvaises conditions\u00a0: neige lourde, glace ou fatigue.<\/p>\n<p>Les efforts r\u00e9p\u00e9t\u00e9s, combin\u00e9s \u00e0 des mouvements parfois brusques ou mal contr\u00f4l\u00e9s, peuvent entra\u00eener une surcharge des structures lombaires et favoriser l\u2019apparition de douleurs.<\/p>\n<p>Sur le plan biom\u00e9canique, plusieurs contraintes se cumulent et augmentent le risque de blessure :<\/p>\n<ul>\n<li><strong>flexion du tronc<\/strong> : se pencher vers l\u2019avant pour ramasser la charge accentue la pression sur la colonne lombaire,<\/li>\n<li><strong>torsion<\/strong> : le fait de pivoter pour jeter la charge cr\u00e9e des forces de rotation qui fragilisent les structures du dos,<\/li>\n<li><strong>levage de charges<\/strong> : soulever des pellet\u00e9es, souvent lourdes et humides, sollicite fortement les muscles et les disques.<\/li>\n<\/ul>\n<p>Ces mouvements r\u00e9p\u00e9t\u00e9s mettent \u00e0 contribution diff\u00e9rentes structures essentielles :<\/p>\n<ul>\n<li><strong>les muscles lombaires<\/strong>, qui assurent le soutien et la stabilit\u00e9 du bas du dos, mais qui peuvent se fatiguer ou se contracter de fa\u00e7on excessive,<\/li>\n<li><strong>les disques intervert\u00e9braux<\/strong>, qui agissent comme des amortisseurs entre les vert\u00e8bres et peuvent subir une compression accrue,<\/li>\n<li><strong>les ligaments<\/strong>, qui stabilisent la colonne, mais peuvent \u00eatre \u00e9tir\u00e9s ou irrit\u00e9s lors de mouvements contraignants.<\/li>\n<\/ul>\n<h2><strong>Les sympt\u00f4mes qui peuvent appara\u00eetre apr\u00e8s le pelletage<\/strong><\/h2>\n<p>Certaines personnes ressentent une simple g\u00eane passag\u00e8re, tandis que d\u2019autres d\u00e9veloppent une douleur plus marqu\u00e9e pouvant limiter les mouvements au quotidien.<\/p>\n<p>Parmi les signes les plus fr\u00e9quents figurent :<\/p>\n<ul>\n<li>une douleur lombaire localis\u00e9e, parfois accentu\u00e9e lors des mouvements,<\/li>\n<li>une sensation de raideur dans le bas du dos, au r\u00e9veil ou apr\u00e8s une p\u00e9riode d\u2019inactivit\u00e9,<\/li>\n<li>des spasmes musculaires, traduisant une r\u00e9action de protection du corps,<\/li>\n<li>une douleur irradiant vers la jambe, pouvant indiquer une irritation nerveuse.<\/li>\n<\/ul>\n<p>Il est recommand\u00e9 de consulter un professionnel de la sant\u00e9 si la douleur persiste plusieurs jours, s\u2019intensifie, ou s\u2019accompagne de sympt\u00f4mes neurologiques comme des engourdissements ou une faiblesse dans la jambe.<\/p>\n<h2><strong>Conseils pour prot\u00e9ger son dos lors du pelletage<\/strong><\/h2>\n<p>Adopter de bonnes habitudes lors du pelletage permet de r\u00e9duire les contraintes exerc\u00e9es sur la colonne vert\u00e9brale et pr\u00e9venir les blessures.<\/p>\n<p>Quelques principes simples peuvent faire une r\u00e9elle diff\u00e9rence :<\/p>\n<ul>\n<li>plier les genoux plut\u00f4t que le dos pour ramasser les pellet\u00e9s,<\/li>\n<li>garder la charge pr\u00e8s du corps afin de limiter la pression sur les lombaires,<\/li>\n<li>\u00e9viter les torsions en pivotant avec les pieds plut\u00f4t qu\u2019avec le tronc,<\/li>\n<li>faire des pauses r\u00e9guli\u00e8res pour \u00e9viter la fatigue musculaire,<\/li>\n<li>utiliser une pelle adapt\u00e9e, l\u00e9g\u00e8re et ergonomique.<\/li>\n<\/ul>\n<h2><strong>Conclusion<\/strong><\/h2>\n<p>Le pelletage, pour d\u00e9blayer ou manipuler des charges lourdes, peut solliciter fortement le bas du dos et provoquer des douleurs lombaires.<\/p>\n<p><strong>La physioth\u00e9rapie<\/strong>, gr\u00e2ce \u00e0 une \u00e9valuation compl\u00e8te et \u00e0 un plan de traitement personnalis\u00e9, permet de r\u00e9duire la douleur, renforcer les muscles et am\u00e9liorer la mobilit\u00e9.<\/p>\n<p>L<strong>a d\u00e9compression vert\u00e9brale<\/strong> agit sur la colonne en r\u00e9duisant la pression sur les disques intervert\u00e9braux, favorisant une r\u00e9cup\u00e9ration fonctionnelle durable.<\/p>\n<p>Si vous ressentez des douleurs apr\u00e8s le pelletage ou souhaitez pr\u00e9venir des tensions lombaires, n\u2019h\u00e9sitez pas \u00e0 <a href=\"https:\/\/amsclinic.ca\/fr\/consultation-gratuite\/\">prendre rendez-vous<\/a> pour une <strong>consultation gratuite<\/strong>.<\/p>\n","protected":false},"excerpt":{"rendered":"<p>Derri\u00e8re le geste simple du pelletage se cache un risque fr\u00e9quent : le mal de dos imm\u00e9diat ou quelques heures apr\u00e8s l\u2019effort. Les tensions peuvent provoquer des douleurs l\u00e9g\u00e8res, mais aussi des blessures plus s\u00e9rieuses, telles que des hernies discales ou des sciatiques. Des approches th\u00e9rapeutiques permettent alors de soulager rapidement la douleur et pr\u00e9venir [&hellip;]<\/p>\n","protected":false},"author":33,"featured_media":19797,"comment_status":"open","ping_status":"closed","sticky":false,"template":"","format":"standard","meta":{"_et_pb_use_builder":"","_et_pb_old_content":"","_et_gb_content_width":"","_mbp_gutenberg_autopost":false,"footnotes":""},"categories":[12],"tags":[],"ppma_author":[80],"class_list":["post-19798","post","type-post","status-publish","format-standard","has-post-thumbnail","hentry","category-blog","author-rich-mo-physio-1"],"yoast_head":"<!-- This site is optimized with the Yoast SEO plugin v27.5 - https:\/\/yoast.com\/product\/yoast-seo-wordpress\/ -->\n<title>Pelletage et mal de dos : d\u00e9compression vert\u00e9brale et physioth\u00e9rapie.<\/title>\n<meta name=\"description\" content=\"Le pelletage peut provoquer des douleurs au dos. D\u00e9couvrez comment la d\u00e9compression vert\u00e9brale et la physioth\u00e9rapie peuvent vous aider \u00e0 les soulager.\" \/>\n<meta name=\"robots\" content=\"index, follow, max-snippet:-1, max-image-preview:large, max-video-preview:-1\" \/>\n<link rel=\"canonical\" href=\"https:\/\/amsclinic.ca\/fr\/blog\/pelletage-et-mal-de-dos-les-bienfaits-de-la-decompression-vertebrale-et-de-la-physiotherapie\/\" \/>\n<meta property=\"og:locale\" content=\"fr_CA\" \/>\n<meta property=\"og:type\" content=\"article\" \/>\n<meta property=\"og:title\" content=\"Pelletage et mal de dos : d\u00e9compression vert\u00e9brale et physioth\u00e9rapie.\" \/>\n<meta property=\"og:description\" content=\"Le pelletage peut provoquer des douleurs au dos. D\u00e9couvrez comment la d\u00e9compression vert\u00e9brale et la physioth\u00e9rapie peuvent vous aider \u00e0 les soulager.\" \/>\n<meta property=\"og:url\" content=\"https:\/\/amsclinic.ca\/fr\/blog\/pelletage-et-mal-de-dos-les-bienfaits-de-la-decompression-vertebrale-et-de-la-physiotherapie\/\" \/>\n<meta property=\"og:site_name\" content=\"AMS Clinic\" \/>\n<meta property=\"article:published_time\" content=\"2026-04-05T14:12:59+00:00\" \/>\n<meta property=\"article:modified_time\" content=\"2026-04-05T14:13:16+00:00\" \/>\n<meta property=\"og:image\" content=\"https:\/\/amsclinic.ca\/wp-content\/uploads\/2026\/04\/unnamed-2026-04-05T150537.284.jpg\" \/>\n\t<meta property=\"og:image:width\" content=\"1112\" \/>\n\t<meta property=\"og:image:height\" content=\"741\" \/>\n\t<meta property=\"og:image:type\" content=\"image\/jpeg\" \/>\n<meta name=\"author\" content=\"Rich &amp; Mo Physio\" \/>\n<meta name=\"twitter:card\" content=\"summary_large_image\" \/>\n<meta name=\"twitter:label1\" content=\"\u00c9crit par\" \/>\n\t<meta name=\"twitter:data1\" content=\"Rich &amp; Mo Physio\" \/>\n\t<meta name=\"twitter:label2\" content=\"Estimation du temps de lecture\" \/>\n\t<meta name=\"twitter:data2\" content=\"5 minutes\" \/>\n<script type=\"application\/ld+json\" class=\"yoast-schema-graph\">{\"@context\":\"https:\\\/\\\/schema.org\",\"@graph\":[{\"@type\":\"Article\",\"@id\":\"https:\\\/\\\/amsclinic.ca\\\/fr\\\/blog\\\/pelletage-et-mal-de-dos-les-bienfaits-de-la-decompression-vertebrale-et-de-la-physiotherapie\\\/#article\",\"isPartOf\":{\"@id\":\"https:\\\/\\\/amsclinic.ca\\\/fr\\\/blog\\\/pelletage-et-mal-de-dos-les-bienfaits-de-la-decompression-vertebrale-et-de-la-physiotherapie\\\/\"},\"author\":{\"name\":\"Rich &amp; Mo Physio\",\"@id\":\"https:\\\/\\\/amsclinic.ca\\\/fr\\\/#\\\/schema\\\/person\\\/c21c16a003fbe73085e73bf5c80adcc1\"},\"headline\":\"Pelletage et mal de dos : les bienfaits de la d\u00e9compression vert\u00e9brale et de la physioth\u00e9rapie\",\"datePublished\":\"2026-04-05T14:12:59+00:00\",\"dateModified\":\"2026-04-05T14:13:16+00:00\",\"mainEntityOfPage\":{\"@id\":\"https:\\\/\\\/amsclinic.ca\\\/fr\\\/blog\\\/pelletage-et-mal-de-dos-les-bienfaits-de-la-decompression-vertebrale-et-de-la-physiotherapie\\\/\"},\"wordCount\":1092,\"commentCount\":0,\"publisher\":{\"@id\":\"https:\\\/\\\/amsclinic.ca\\\/fr\\\/#organization\"},\"image\":{\"@id\":\"https:\\\/\\\/amsclinic.ca\\\/fr\\\/blog\\\/pelletage-et-mal-de-dos-les-bienfaits-de-la-decompression-vertebrale-et-de-la-physiotherapie\\\/#primaryimage\"},\"thumbnailUrl\":\"https:\\\/\\\/amsclinic.ca\\\/wp-content\\\/uploads\\\/2026\\\/04\\\/unnamed-2026-04-05T150537.284.jpg\",\"articleSection\":[\"Blog\"],\"inLanguage\":\"fr-CA\",\"potentialAction\":[{\"@type\":\"CommentAction\",\"name\":\"Comment\",\"target\":[\"https:\\\/\\\/amsclinic.ca\\\/fr\\\/blog\\\/pelletage-et-mal-de-dos-les-bienfaits-de-la-decompression-vertebrale-et-de-la-physiotherapie\\\/#respond\"]}]},{\"@type\":\"WebPage\",\"@id\":\"https:\\\/\\\/amsclinic.ca\\\/fr\\\/blog\\\/pelletage-et-mal-de-dos-les-bienfaits-de-la-decompression-vertebrale-et-de-la-physiotherapie\\\/\",\"url\":\"https:\\\/\\\/amsclinic.ca\\\/fr\\\/blog\\\/pelletage-et-mal-de-dos-les-bienfaits-de-la-decompression-vertebrale-et-de-la-physiotherapie\\\/\",\"name\":\"Pelletage et mal de dos : d\u00e9compression vert\u00e9brale et physioth\u00e9rapie.\",\"isPartOf\":{\"@id\":\"https:\\\/\\\/amsclinic.ca\\\/fr\\\/#website\"},\"primaryImageOfPage\":{\"@id\":\"https:\\\/\\\/amsclinic.ca\\\/fr\\\/blog\\\/pelletage-et-mal-de-dos-les-bienfaits-de-la-decompression-vertebrale-et-de-la-physiotherapie\\\/#primaryimage\"},\"image\":{\"@id\":\"https:\\\/\\\/amsclinic.ca\\\/fr\\\/blog\\\/pelletage-et-mal-de-dos-les-bienfaits-de-la-decompression-vertebrale-et-de-la-physiotherapie\\\/#primaryimage\"},\"thumbnailUrl\":\"https:\\\/\\\/amsclinic.ca\\\/wp-content\\\/uploads\\\/2026\\\/04\\\/unnamed-2026-04-05T150537.284.jpg\",\"datePublished\":\"2026-04-05T14:12:59+00:00\",\"dateModified\":\"2026-04-05T14:13:16+00:00\",\"description\":\"Le pelletage peut provoquer des douleurs au dos. D\u00e9couvrez comment la d\u00e9compression vert\u00e9brale et la physioth\u00e9rapie peuvent vous aider \u00e0 les soulager.\",\"breadcrumb\":{\"@id\":\"https:\\\/\\\/amsclinic.ca\\\/fr\\\/blog\\\/pelletage-et-mal-de-dos-les-bienfaits-de-la-decompression-vertebrale-et-de-la-physiotherapie\\\/#breadcrumb\"},\"inLanguage\":\"fr-CA\",\"potentialAction\":[{\"@type\":\"ReadAction\",\"target\":[\"https:\\\/\\\/amsclinic.ca\\\/fr\\\/blog\\\/pelletage-et-mal-de-dos-les-bienfaits-de-la-decompression-vertebrale-et-de-la-physiotherapie\\\/\"]}]},{\"@type\":\"ImageObject\",\"inLanguage\":\"fr-CA\",\"@id\":\"https:\\\/\\\/amsclinic.ca\\\/fr\\\/blog\\\/pelletage-et-mal-de-dos-les-bienfaits-de-la-decompression-vertebrale-et-de-la-physiotherapie\\\/#primaryimage\",\"url\":\"https:\\\/\\\/amsclinic.ca\\\/wp-content\\\/uploads\\\/2026\\\/04\\\/unnamed-2026-04-05T150537.284.jpg\",\"contentUrl\":\"https:\\\/\\\/amsclinic.ca\\\/wp-content\\\/uploads\\\/2026\\\/04\\\/unnamed-2026-04-05T150537.284.jpg\",\"width\":1112,\"height\":741},{\"@type\":\"BreadcrumbList\",\"@id\":\"https:\\\/\\\/amsclinic.ca\\\/fr\\\/blog\\\/pelletage-et-mal-de-dos-les-bienfaits-de-la-decompression-vertebrale-et-de-la-physiotherapie\\\/#breadcrumb\",\"itemListElement\":[{\"@type\":\"ListItem\",\"position\":1,\"name\":\"Home\",\"item\":\"https:\\\/\\\/amsclinic.ca\\\/fr\\\/\"},{\"@type\":\"ListItem\",\"position\":2,\"name\":\"Pelletage et mal de dos : les bienfaits de la d\u00e9compression vert\u00e9brale et de la physioth\u00e9rapie\"}]},{\"@type\":\"WebSite\",\"@id\":\"https:\\\/\\\/amsclinic.ca\\\/fr\\\/#website\",\"url\":\"https:\\\/\\\/amsclinic.ca\\\/fr\\\/\",\"name\":\"AMS Clinic\",\"description\":\"Montreal Rehabilitation and Physiotherapy Clinic\",\"publisher\":{\"@id\":\"https:\\\/\\\/amsclinic.ca\\\/fr\\\/#organization\"},\"potentialAction\":[{\"@type\":\"SearchAction\",\"target\":{\"@type\":\"EntryPoint\",\"urlTemplate\":\"https:\\\/\\\/amsclinic.ca\\\/fr\\\/?s={search_term_string}\"},\"query-input\":{\"@type\":\"PropertyValueSpecification\",\"valueRequired\":true,\"valueName\":\"search_term_string\"}}],\"inLanguage\":\"fr-CA\"},{\"@type\":\"Organization\",\"@id\":\"https:\\\/\\\/amsclinic.ca\\\/fr\\\/#organization\",\"name\":\"AMS Clinic\",\"url\":\"https:\\\/\\\/amsclinic.ca\\\/fr\\\/\",\"logo\":{\"@type\":\"ImageObject\",\"inLanguage\":\"fr-CA\",\"@id\":\"https:\\\/\\\/amsclinic.ca\\\/fr\\\/#\\\/schema\\\/logo\\\/image\\\/\",\"url\":\"https:\\\/\\\/amsclinic.ca\\\/wp-content\\\/uploads\\\/2017\\\/02\\\/ams-logo-Optimized280x100.png\",\"contentUrl\":\"https:\\\/\\\/amsclinic.ca\\\/wp-content\\\/uploads\\\/2017\\\/02\\\/ams-logo-Optimized280x100.png\",\"width\":280,\"height\":100,\"caption\":\"AMS Clinic\"},\"image\":{\"@id\":\"https:\\\/\\\/amsclinic.ca\\\/fr\\\/#\\\/schema\\\/logo\\\/image\\\/\"}},{\"@type\":\"Person\",\"@id\":\"https:\\\/\\\/amsclinic.ca\\\/fr\\\/#\\\/schema\\\/person\\\/c21c16a003fbe73085e73bf5c80adcc1\",\"name\":\"Rich &amp; Mo Physio\",\"image\":{\"@type\":\"ImageObject\",\"inLanguage\":\"fr-CA\",\"@id\":\"https:\\\/\\\/amsclinic.ca\\\/wp-content\\\/uploads\\\/2026\\\/03\\\/unnamed-2026-03-30T191932.757-1.jpg159c645a471dce2caa494b2bda7ec816\",\"url\":\"https:\\\/\\\/amsclinic.ca\\\/wp-content\\\/uploads\\\/2026\\\/03\\\/unnamed-2026-03-30T191932.757-1.jpg\",\"contentUrl\":\"https:\\\/\\\/amsclinic.ca\\\/wp-content\\\/uploads\\\/2026\\\/03\\\/unnamed-2026-03-30T191932.757-1.jpg\",\"caption\":\"Rich &amp; Mo Physio\"},\"description\":\"Nous sommes des physioth\u00e9rapeutes passionn\u00e9s par le mouvement et la r\u00e9adaptation, avec un objectif clair : aider les gens \u00e0 mieux comprendre leur douleur et \u00e0 retrouver une vie active, sans limitation. \u00c0 travers notre pratique et nos contenus, nous partageons des approches concr\u00e8tes, fond\u00e9es sur la science, pour pr\u00e9venir les blessures, soulager les douleurs et am\u00e9liorer durablement la mobilit\u00e9. Nous croyons qu\u2019un patient bien inform\u00e9 prend de meilleures d\u00e9cisions et obtient de meilleurs r\u00e9sultats. Richard Bouzaglou, B.Sc. PT Physioth\u00e9rapeute | Cofondateur Professionnel exp\u00e9riment\u00e9, Richard est cofondateur du Centre M\u00e9dical et de R\u00e9adaptation AMS, o\u00f9 il joue un r\u00f4le cl\u00e9 depuis 2008. Fort d\u2019une formation en m\u00e9decine du sport et en physioth\u00e9rapie, il a d\u00e9velopp\u00e9 une solide expertise, notamment aupr\u00e8s d\u2019athl\u00e8tes d\u2019\u00e9lite. Sa pratique repose sur une approche globale, int\u00e9grant th\u00e9rapie manuelle avanc\u00e9e, r\u00e9adaptation fonctionnelle et prise en charge personnalis\u00e9e. Engag\u00e9 dans la formation continue et l\u2019encadrement d\u2019\u00e9tudiants, il se distingue par sa rigueur clinique et sa capacit\u00e9 \u00e0 \u00e9tablir une relation de confiance durable avec ses patients. Moshe Vazana Physioth\u00e9rapeute Avec plus de 15 ans d\u2019exp\u00e9rience, Moshe est reconnu pour son approche pr\u00e9cise, fond\u00e9e sur des donn\u00e9es probantes. Dipl\u00f4m\u00e9 en physioth\u00e9rapie et form\u00e9 \u00e0 plusieurs m\u00e9thodes avanc\u00e9es, dont la M\u00e9thode McKenzie (MDT) et le concept Mulligan, il se sp\u00e9cialise dans le traitement des troubles musculo-squelettiques et de la colonne vert\u00e9brale. Son parcours international et son engagement envers l\u2019excellence lui permettent d\u2019offrir des soins adapt\u00e9s, efficaces et durables. Passionn\u00e9 par la transmission du savoir, il participe \u00e9galement \u00e0 la formation de futurs professionnels en physioth\u00e9rapie.\",\"url\":\"https:\\\/\\\/amsclinic.ca\\\/fr\\\/author\\\/rich-mo-physio-1\\\/\"}]}<\/script>\n<!-- \/ Yoast SEO plugin. -->","yoast_head_json":{"title":"Pelletage et mal de dos : d\u00e9compression vert\u00e9brale et physioth\u00e9rapie.","description":"Le pelletage peut provoquer des douleurs au dos. D\u00e9couvrez comment la d\u00e9compression vert\u00e9brale et la physioth\u00e9rapie peuvent vous aider \u00e0 les soulager.","robots":{"index":"index","follow":"follow","max-snippet":"max-snippet:-1","max-image-preview":"max-image-preview:large","max-video-preview":"max-video-preview:-1"},"canonical":"https:\/\/amsclinic.ca\/fr\/blog\/pelletage-et-mal-de-dos-les-bienfaits-de-la-decompression-vertebrale-et-de-la-physiotherapie\/","og_locale":"fr_CA","og_type":"article","og_title":"Pelletage et mal de dos : d\u00e9compression vert\u00e9brale et physioth\u00e9rapie.","og_description":"Le pelletage peut provoquer des douleurs au dos. D\u00e9couvrez comment la d\u00e9compression vert\u00e9brale et la physioth\u00e9rapie peuvent vous aider \u00e0 les soulager.","og_url":"https:\/\/amsclinic.ca\/fr\/blog\/pelletage-et-mal-de-dos-les-bienfaits-de-la-decompression-vertebrale-et-de-la-physiotherapie\/","og_site_name":"AMS Clinic","article_published_time":"2026-04-05T14:12:59+00:00","article_modified_time":"2026-04-05T14:13:16+00:00","og_image":[{"width":1112,"height":741,"url":"https:\/\/amsclinic.ca\/wp-content\/uploads\/2026\/04\/unnamed-2026-04-05T150537.284.jpg","type":"image\/jpeg"}],"author":"Rich &amp; Mo Physio","twitter_card":"summary_large_image","twitter_misc":{"\u00c9crit par":"Rich &amp; Mo Physio","Estimation du temps de lecture":"5 minutes"},"schema":{"@context":"https:\/\/schema.org","@graph":[{"@type":"Article","@id":"https:\/\/amsclinic.ca\/fr\/blog\/pelletage-et-mal-de-dos-les-bienfaits-de-la-decompression-vertebrale-et-de-la-physiotherapie\/#article","isPartOf":{"@id":"https:\/\/amsclinic.ca\/fr\/blog\/pelletage-et-mal-de-dos-les-bienfaits-de-la-decompression-vertebrale-et-de-la-physiotherapie\/"},"author":{"name":"Rich &amp; Mo Physio","@id":"https:\/\/amsclinic.ca\/fr\/#\/schema\/person\/c21c16a003fbe73085e73bf5c80adcc1"},"headline":"Pelletage et mal de dos : les bienfaits de la d\u00e9compression vert\u00e9brale et de la physioth\u00e9rapie","datePublished":"2026-04-05T14:12:59+00:00","dateModified":"2026-04-05T14:13:16+00:00","mainEntityOfPage":{"@id":"https:\/\/amsclinic.ca\/fr\/blog\/pelletage-et-mal-de-dos-les-bienfaits-de-la-decompression-vertebrale-et-de-la-physiotherapie\/"},"wordCount":1092,"commentCount":0,"publisher":{"@id":"https:\/\/amsclinic.ca\/fr\/#organization"},"image":{"@id":"https:\/\/amsclinic.ca\/fr\/blog\/pelletage-et-mal-de-dos-les-bienfaits-de-la-decompression-vertebrale-et-de-la-physiotherapie\/#primaryimage"},"thumbnailUrl":"https:\/\/amsclinic.ca\/wp-content\/uploads\/2026\/04\/unnamed-2026-04-05T150537.284.jpg","articleSection":["Blog"],"inLanguage":"fr-CA","potentialAction":[{"@type":"CommentAction","name":"Comment","target":["https:\/\/amsclinic.ca\/fr\/blog\/pelletage-et-mal-de-dos-les-bienfaits-de-la-decompression-vertebrale-et-de-la-physiotherapie\/#respond"]}]},{"@type":"WebPage","@id":"https:\/\/amsclinic.ca\/fr\/blog\/pelletage-et-mal-de-dos-les-bienfaits-de-la-decompression-vertebrale-et-de-la-physiotherapie\/","url":"https:\/\/amsclinic.ca\/fr\/blog\/pelletage-et-mal-de-dos-les-bienfaits-de-la-decompression-vertebrale-et-de-la-physiotherapie\/","name":"Pelletage et mal de dos : d\u00e9compression vert\u00e9brale et physioth\u00e9rapie.","isPartOf":{"@id":"https:\/\/amsclinic.ca\/fr\/#website"},"primaryImageOfPage":{"@id":"https:\/\/amsclinic.ca\/fr\/blog\/pelletage-et-mal-de-dos-les-bienfaits-de-la-decompression-vertebrale-et-de-la-physiotherapie\/#primaryimage"},"image":{"@id":"https:\/\/amsclinic.ca\/fr\/blog\/pelletage-et-mal-de-dos-les-bienfaits-de-la-decompression-vertebrale-et-de-la-physiotherapie\/#primaryimage"},"thumbnailUrl":"https:\/\/amsclinic.ca\/wp-content\/uploads\/2026\/04\/unnamed-2026-04-05T150537.284.jpg","datePublished":"2026-04-05T14:12:59+00:00","dateModified":"2026-04-05T14:13:16+00:00","description":"Le pelletage peut provoquer des douleurs au dos. D\u00e9couvrez comment la d\u00e9compression vert\u00e9brale et la physioth\u00e9rapie peuvent vous aider \u00e0 les soulager.","breadcrumb":{"@id":"https:\/\/amsclinic.ca\/fr\/blog\/pelletage-et-mal-de-dos-les-bienfaits-de-la-decompression-vertebrale-et-de-la-physiotherapie\/#breadcrumb"},"inLanguage":"fr-CA","potentialAction":[{"@type":"ReadAction","target":["https:\/\/amsclinic.ca\/fr\/blog\/pelletage-et-mal-de-dos-les-bienfaits-de-la-decompression-vertebrale-et-de-la-physiotherapie\/"]}]},{"@type":"ImageObject","inLanguage":"fr-CA","@id":"https:\/\/amsclinic.ca\/fr\/blog\/pelletage-et-mal-de-dos-les-bienfaits-de-la-decompression-vertebrale-et-de-la-physiotherapie\/#primaryimage","url":"https:\/\/amsclinic.ca\/wp-content\/uploads\/2026\/04\/unnamed-2026-04-05T150537.284.jpg","contentUrl":"https:\/\/amsclinic.ca\/wp-content\/uploads\/2026\/04\/unnamed-2026-04-05T150537.284.jpg","width":1112,"height":741},{"@type":"BreadcrumbList","@id":"https:\/\/amsclinic.ca\/fr\/blog\/pelletage-et-mal-de-dos-les-bienfaits-de-la-decompression-vertebrale-et-de-la-physiotherapie\/#breadcrumb","itemListElement":[{"@type":"ListItem","position":1,"name":"Home","item":"https:\/\/amsclinic.ca\/fr\/"},{"@type":"ListItem","position":2,"name":"Pelletage et mal de dos : les bienfaits de la d\u00e9compression vert\u00e9brale et de la physioth\u00e9rapie"}]},{"@type":"WebSite","@id":"https:\/\/amsclinic.ca\/fr\/#website","url":"https:\/\/amsclinic.ca\/fr\/","name":"AMS Clinic","description":"Montreal Rehabilitation and Physiotherapy Clinic","publisher":{"@id":"https:\/\/amsclinic.ca\/fr\/#organization"},"potentialAction":[{"@type":"SearchAction","target":{"@type":"EntryPoint","urlTemplate":"https:\/\/amsclinic.ca\/fr\/?s={search_term_string}"},"query-input":{"@type":"PropertyValueSpecification","valueRequired":true,"valueName":"search_term_string"}}],"inLanguage":"fr-CA"},{"@type":"Organization","@id":"https:\/\/amsclinic.ca\/fr\/#organization","name":"AMS Clinic","url":"https:\/\/amsclinic.ca\/fr\/","logo":{"@type":"ImageObject","inLanguage":"fr-CA","@id":"https:\/\/amsclinic.ca\/fr\/#\/schema\/logo\/image\/","url":"https:\/\/amsclinic.ca\/wp-content\/uploads\/2017\/02\/ams-logo-Optimized280x100.png","contentUrl":"https:\/\/amsclinic.ca\/wp-content\/uploads\/2017\/02\/ams-logo-Optimized280x100.png","width":280,"height":100,"caption":"AMS Clinic"},"image":{"@id":"https:\/\/amsclinic.ca\/fr\/#\/schema\/logo\/image\/"}},{"@type":"Person","@id":"https:\/\/amsclinic.ca\/fr\/#\/schema\/person\/c21c16a003fbe73085e73bf5c80adcc1","name":"Rich &amp; Mo Physio","image":{"@type":"ImageObject","inLanguage":"fr-CA","@id":"https:\/\/amsclinic.ca\/wp-content\/uploads\/2026\/03\/unnamed-2026-03-30T191932.757-1.jpg159c645a471dce2caa494b2bda7ec816","url":"https:\/\/amsclinic.ca\/wp-content\/uploads\/2026\/03\/unnamed-2026-03-30T191932.757-1.jpg","contentUrl":"https:\/\/amsclinic.ca\/wp-content\/uploads\/2026\/03\/unnamed-2026-03-30T191932.757-1.jpg","caption":"Rich &amp; Mo Physio"},"description":"Nous sommes des physioth\u00e9rapeutes passionn\u00e9s par le mouvement et la r\u00e9adaptation, avec un objectif clair : aider les gens \u00e0 mieux comprendre leur douleur et \u00e0 retrouver une vie active, sans limitation. \u00c0 travers notre pratique et nos contenus, nous partageons des approches concr\u00e8tes, fond\u00e9es sur la science, pour pr\u00e9venir les blessures, soulager les douleurs et am\u00e9liorer durablement la mobilit\u00e9. Nous croyons qu\u2019un patient bien inform\u00e9 prend de meilleures d\u00e9cisions et obtient de meilleurs r\u00e9sultats. Richard Bouzaglou, B.Sc. PT Physioth\u00e9rapeute | Cofondateur Professionnel exp\u00e9riment\u00e9, Richard est cofondateur du Centre M\u00e9dical et de R\u00e9adaptation AMS, o\u00f9 il joue un r\u00f4le cl\u00e9 depuis 2008. Fort d\u2019une formation en m\u00e9decine du sport et en physioth\u00e9rapie, il a d\u00e9velopp\u00e9 une solide expertise, notamment aupr\u00e8s d\u2019athl\u00e8tes d\u2019\u00e9lite. Sa pratique repose sur une approche globale, int\u00e9grant th\u00e9rapie manuelle avanc\u00e9e, r\u00e9adaptation fonctionnelle et prise en charge personnalis\u00e9e. Engag\u00e9 dans la formation continue et l\u2019encadrement d\u2019\u00e9tudiants, il se distingue par sa rigueur clinique et sa capacit\u00e9 \u00e0 \u00e9tablir une relation de confiance durable avec ses patients. Moshe Vazana Physioth\u00e9rapeute Avec plus de 15 ans d\u2019exp\u00e9rience, Moshe est reconnu pour son approche pr\u00e9cise, fond\u00e9e sur des donn\u00e9es probantes. Dipl\u00f4m\u00e9 en physioth\u00e9rapie et form\u00e9 \u00e0 plusieurs m\u00e9thodes avanc\u00e9es, dont la M\u00e9thode McKenzie (MDT) et le concept Mulligan, il se sp\u00e9cialise dans le traitement des troubles musculo-squelettiques et de la colonne vert\u00e9brale. Son parcours international et son engagement envers l\u2019excellence lui permettent d\u2019offrir des soins adapt\u00e9s, efficaces et durables. Passionn\u00e9 par la transmission du savoir, il participe \u00e9galement \u00e0 la formation de futurs professionnels en physioth\u00e9rapie.","url":"https:\/\/amsclinic.ca\/fr\/author\/rich-mo-physio-1\/"}]}},"authors":[{"term_id":80,"user_id":33,"is_guest":0,"slug":"rich-mo-physio-1","display_name":"Rich &amp; Mo Physio","avatar_url":{"url":"https:\/\/amsclinic.ca\/wp-content\/uploads\/2026\/03\/unnamed-2026-03-30T191932.757-1.jpg","url2x":"https:\/\/amsclinic.ca\/wp-content\/uploads\/2026\/03\/unnamed-2026-03-30T191932.757-1.jpg"},"0":null,"1":"","2":"","3":"","4":"","5":"","6":"","7":""}],"_links":{"self":[{"href":"https:\/\/amsclinic.ca\/fr\/wp-json\/wp\/v2\/posts\/19798","targetHints":{"allow":["GET"]}}],"collection":[{"href":"https:\/\/amsclinic.ca\/fr\/wp-json\/wp\/v2\/posts"}],"about":[{"href":"https:\/\/amsclinic.ca\/fr\/wp-json\/wp\/v2\/types\/post"}],"author":[{"embeddable":true,"href":"https:\/\/amsclinic.ca\/fr\/wp-json\/wp\/v2\/users\/33"}],"replies":[{"embeddable":true,"href":"https:\/\/amsclinic.ca\/fr\/wp-json\/wp\/v2\/comments?post=19798"}],"version-history":[{"count":1,"href":"https:\/\/amsclinic.ca\/fr\/wp-json\/wp\/v2\/posts\/19798\/revisions"}],"predecessor-version":[{"id":19799,"href":"https:\/\/amsclinic.ca\/fr\/wp-json\/wp\/v2\/posts\/19798\/revisions\/19799"}],"wp:featuredmedia":[{"embeddable":true,"href":"https:\/\/amsclinic.ca\/fr\/wp-json\/wp\/v2\/media\/19797"}],"wp:attachment":[{"href":"https:\/\/amsclinic.ca\/fr\/wp-json\/wp\/v2\/media?parent=19798"}],"wp:term":[{"taxonomy":"category","embeddable":true,"href":"https:\/\/amsclinic.ca\/fr\/wp-json\/wp\/v2\/categories?post=19798"},{"taxonomy":"post_tag","embeddable":true,"href":"https:\/\/amsclinic.ca\/fr\/wp-json\/wp\/v2\/tags?post=19798"},{"taxonomy":"author","embeddable":true,"href":"https:\/\/amsclinic.ca\/fr\/wp-json\/wp\/v2\/ppma_author?post=19798"}],"curies":[{"name":"wp","href":"https:\/\/api.w.org\/{rel}","templated":true}]}}